{"id":1856,"date":"2025-11-05T14:26:06","date_gmt":"2025-11-05T14:26:06","guid":{"rendered":"https:\/\/www.clubeperamanca.pt\/?p=1856"},"modified":"2025-11-05T15:27:58","modified_gmt":"2025-11-05T15:27:58","slug":"pera-manca-red-2019-doc-alentejo-evora","status":"publish","type":"post","link":"https:\/\/www.clubeperamanca.pt\/en\/pera-manca-red-2019-doc-alentejo-evora\/","title":{"rendered":"P\u00eara-Manca red 2019, DOC Alentejo \u2013 \u00c9vora"},"content":{"rendered":"<div class=\"wpb-content-wrapper\"><p>[vc_row css_animation=&#8221;&#8221; row_type=&#8221;row&#8221; use_row_as_full_screen_section=&#8221;no&#8221; type=&#8221;grid&#8221; angled_section=&#8221;no&#8221; text_align=&#8221;left&#8221; background_image_as_pattern=&#8221;without_pattern&#8221; z_index=&#8221;&#8221; el_class=&#8221;height-half-diferent-colors&#8221; padding_top=&#8221;50&#8243; padding_bottom=&#8221;50&#8243;][vc_column width=&#8221;1\/2&#8243; css=&#8221;.vc_custom_1618824631864{margin-bottom: 50px !important;border-left-width: 8px !important;padding-top: 0px !important;border-left-color: #e21a22 !important;}&#8221; el_class=&#8221;portfolio-page-box-left&#8221;][vc_row_inner row_type=&#8221;row&#8221; type=&#8221;full_width&#8221; text_align=&#8221;left&#8221; css_animation=&#8221;&#8221; el_class=&#8221;z-index-10&#8243;][vc_column_inner css=&#8221;.vc_custom_1618482532959{padding-left: 8px !important;}&#8221;][vc_column_text el_class=&#8221;portfolio-product-name&#8221; css=&#8221;.vc_custom_1762346194545{padding-left: 15px !important;}&#8221;]<\/p>\n<h4>P\u00eara-Manca red 2019<\/h4>\n<h5>DOC Alentejo \u2013 \u00c9vora<\/h5>\n<p>[\/vc_column_text][\/vc_column_inner][\/vc_row_inner][vc_row_inner row_type=&#8221;row&#8221; type=&#8221;full_width&#8221; text_align=&#8221;left&#8221; css_animation=&#8221;&#8221; el_class=&#8221;portfolio-left-border-745a33&#8243; css=&#8221;.vc_custom_1624984376835{margin-top: -2px !important;}&#8221;][vc_column_inner][vc_column_text el_class=&#8221;portfolio-page-box-left-description&#8221; css=&#8221;.vc_custom_1762346249076{padding-bottom: 25px !important;}&#8221;]<em>P\u00eara-Manca is the brand that the Eug\u00e9nio de Almeida Foundation reserves for the exceptional wines, only bottled when the winemakers feel they merit this status. First produced by Eug\u00e9nio de Almeida Foundation in 1990.<\/em>[\/vc_column_text][vc_column_text css=&#8221;.vc_custom_1762346282892{padding-bottom: 15px !important;}&#8221;]<em><strong>Grape Varieties<\/strong><\/em><br \/>\n<em>Aragonez and Trincadeira<\/em>[\/vc_column_text][vc_column_text css=&#8221;.vc_custom_1762346309989{padding-bottom: 15px !important;}&#8221;]<em><strong>Type of soil<\/strong><\/em><br \/>\n<em>Granitic<\/em>[\/vc_column_text][vc_column_text css=&#8221;.vc_custom_1762346356830{padding-bottom: 15px !important;}&#8221;]<em><strong>Analyses<\/strong><\/em><br \/>\n<em>Alcohol (%) \u2013 15,0<\/em><br \/>\n<em>Total acidity (g\/l) \u2013 5,5<\/em><br \/>\n<em>pH \u2013 3,65<\/em><br \/>\n<em>Total sugar (g\/l) \u2013 1,0<\/em><\/p>\n<p>[\/vc_column_text][\/vc_column_inner][\/vc_row_inner][vc_row_inner row_type=&#8221;row&#8221; type=&#8221;full_width&#8221; text_align=&#8221;left&#8221; css_animation=&#8221;&#8221; el_class=&#8221;portfolio-letter-divider letter-divider-h&#8221;][vc_column_inner][\/vc_column_inner][\/vc_row_inner][vc_row_inner row_type=&#8221;row&#8221; type=&#8221;full_width&#8221; text_align=&#8221;left&#8221; css_animation=&#8221;&#8221; el_class=&#8221;portfolio-left-border-745a33&#8243; css=&#8221;.vc_custom_1624984376835{margin-top: -2px !important;}&#8221;][vc_column_inner][vc_column_text css=&#8221;.vc_custom_1762346443549{padding-bottom: 15px !important;}&#8221;]<em><strong>Vinification<\/strong><\/em><br \/>\n<em>P\u00eara-Manca is produced from the Aragonez and Trincadeira varieties with each parcel being carefully separated and selected at the harvest. The vineyards are over 30 years old and selection depends on the grapes developing slowly without excess stress, drawing out the best characteristics of the varieties. In the best years that this happens the grapes are harvested, de-stalked, lightly crushed and fermented in 12000L oak vats. There then follows a long period of maceration before the wine is matured in 3000L oak vats for 18 months. The wine is aged in bottle for a further 48 months in the Cartuxa Monastery cellars prior to release.<\/em>[\/vc_column_text][vc_column_text css=&#8221;.vc_custom_1762346475475{padding-bottom: 15px !important;}&#8221;]<em><strong>Serving Temperature<\/strong><\/em><br \/>\n<em>17\u00baC<\/em>[\/vc_column_text][vc_column_text css=&#8221;.vc_custom_1762346519596{padding-bottom: 15px !important;}&#8221;]<em><strong>Producer<\/strong><\/em><br \/>\n<em>Funda\u00e7\u00e3o Eug\u00e9nio de Almeida<\/em>[\/vc_column_text][vc_column_text css=&#8221;.vc_custom_1762346496092{padding-bottom: 15px !important;}&#8221;]<em><strong>Winemakers<\/strong><\/em><br \/>\n<em>Pedro Baptista<\/em><br \/>\n<em>Duarte Lopes<\/em>[\/vc_column_text][\/vc_column_inner][\/vc_row_inner][\/vc_column][vc_column width=&#8221;1\/2&#8243; el_class=&#8221;portfolio-page-box-right&#8221;][vc_row_inner row_type=&#8221;row&#8221; type=&#8221;full_width&#8221; text_align=&#8221;left&#8221; css_animation=&#8221;&#8221;][vc_column_inner][vc_column_text css=&#8221;.vc_custom_1762352836130{padding-bottom: 25px !important;}&#8221;]<\/p>\n<h2>Harvest<\/h2>\n<p>[\/vc_column_text][\/vc_column_inner][\/vc_row_inner][vc_row_inner row_type=&#8221;row&#8221; type=&#8221;full_width&#8221; text_align=&#8221;left&#8221; css_animation=&#8221;&#8221;][vc_column_inner][vc_gallery type=&#8221;flexslider_slide&#8221; interval=&#8221;5&#8243; images=&#8221;1871&#8243; img_size=&#8221;full&#8221; onclick=&#8221;&#8221; direction_nav=&#8221;yes&#8221; control_nav=&#8221;yes&#8221; show_image_description=&#8221;yes&#8221; frame=&#8221;no&#8221; css=&#8221;.vc_custom_1762352758918{border-bottom-width: 8px !important;border-bottom-color: #745a33 !important;border-bottom-style: solid !important;}&#8221;][\/vc_column_inner][\/vc_row_inner][\/vc_column][\/vc_row]<\/p>\n<\/div>","protected":false},"excerpt":{"rendered":"<p>[vc_row css_animation=&#8221;&#8221; row_type=&#8221;row&#8221; use_row_as_full_screen_section=&#8221;no&#8221; type=&#8221;grid&#8221; angled_section=&#8221;no&#8221; text_align=&#8221;left&#8221; background_image_as_pattern=&#8221;without_pattern&#8221; z_index=&#8221;&#8221; el_class=&#8221;height-half-diferent-colors&#8221; padding_top=&#8221;50&#8243; padding_bottom=&#8221;50&#8243;][vc_column width=&#8221;1\/2&#8243; css=&#8221;.vc_custom_1618824631864{margin-bottom: 50px !important;border-left-width: 8px !important;padding-top: 0px !important;border-left-color: #e21a22 !important;}&#8221; el_class=&#8221;portfolio-page-box-left&#8221;][vc_row_inner row_type=&#8221;row&#8221; type=&#8221;full_width&#8221; text_align=&#8221;left&#8221; css_animation=&#8221;&#8221; el_class=&#8221;z-index-10&#8243;][vc_column_inner css=&#8221;.vc_custom_1618482532959{padding-left: 8px !important;}&#8221;][vc_column_text el_class=&#8221;portfolio-product-name&#8221; css=&#8221;.vc_custom_1762346194545{padding-left: 15px !important;}&#8221;] P\u00eara-Manca red 2019 DOC Alentejo \u2013 \u00c9vora [\/vc_column_text][\/vc_column_inner][\/vc_row_inner][vc_row_inner row_type=&#8221;row&#8221; type=&#8221;full_width&#8221;&#8230;<\/p>\n","protected":false},"author":1,"featured_media":1907,"comment_status":"closed","ping_status":"open","sticky":false,"template":"","format":"standard","meta":{"footnotes":"","_links_to":"","_links_to_target":""},"categories":[17,19],"tags":[],"class_list":["post-1856","post","type-post","status-publish","format-standard","has-post-thumbnail","hentry","category-pera-manca-en","category-tinto-en"],"_links":{"self":[{"href":"https:\/\/www.clubeperamanca.pt\/en\/wp-json\/wp\/v2\/posts\/1856","targetHints":{"allow":["GET"]}}],"collection":[{"href":"https:\/\/www.clubeperamanca.pt\/en\/wp-json\/wp\/v2\/posts"}],"about":[{"href":"https:\/\/www.clubeperamanca.pt\/en\/wp-json\/wp\/v2\/types\/post"}],"author":[{"embeddable":true,"href":"https:\/\/www.clubeperamanca.pt\/en\/wp-json\/wp\/v2\/users\/1"}],"replies":[{"embeddable":true,"href":"https:\/\/www.clubeperamanca.pt\/en\/wp-json\/wp\/v2\/comments?post=1856"}],"version-history":[{"count":3,"href":"https:\/\/www.clubeperamanca.pt\/en\/wp-json\/wp\/v2\/posts\/1856\/revisions"}],"predecessor-version":[{"id":1916,"href":"https:\/\/www.clubeperamanca.pt\/en\/wp-json\/wp\/v2\/posts\/1856\/revisions\/1916"}],"wp:featuredmedia":[{"embeddable":true,"href":"https:\/\/www.clubeperamanca.pt\/en\/wp-json\/wp\/v2\/media\/1907"}],"wp:attachment":[{"href":"https:\/\/www.clubeperamanca.pt\/en\/wp-json\/wp\/v2\/media?parent=1856"}],"wp:term":[{"taxonomy":"category","embeddable":true,"href":"https:\/\/www.clubeperamanca.pt\/en\/wp-json\/wp\/v2\/categories?post=1856"},{"taxonomy":"post_tag","embeddable":true,"href":"https:\/\/www.clubeperamanca.pt\/en\/wp-json\/wp\/v2\/tags?post=1856"}],"curies":[{"name":"wp","href":"https:\/\/api.w.org\/{rel}","templated":true}]}}